{"id":66334,"date":"2021-04-28T13:26:18","date_gmt":"2021-04-28T11:26:18","guid":{"rendered":"https:\/\/www.fbcv.es\/?p=66334"},"modified":"2021-05-03T09:50:40","modified_gmt":"2021-05-03T07:50:40","slug":"cuales-son-los-proximos-clinics-que-vienen","status":"publish","type":"post","link":"https:\/\/www.fbcv.es\/va\/noticias\/cuales-son-los-proximos-clinics-que-vienen\/","title":{"rendered":"Quins s\u00f3n els pr\u00f2xims cl\u00ednics que venen?"},"content":{"rendered":"<p class=\" translation-block\">La formaci\u00f3 d'entrenadors deixar\u00e0 arrere un intens mes d'abril i obrir\u00e0 un altre no menys ambici\u00f3s mes de maig. Tant la FBCV com la FEB estan celebrant nombroses activitats que estan incloses en el <strong>Programa de Formaci\u00f3 Cont\u00ednua per a entrenadors<\/strong> i tamb\u00e9 moltes d'elles en el <strong>Programa d'Activitats Paral\u00b7leles de l'Eurobasket Women Val\u00e8ncia 2021<\/strong>.<\/p>\n<p>En les pr\u00f2ximes setmanes tenim a la vista altres quatre activitats. Les dues primeres seran online i les dos seg\u00fcents en format Presencial (a Alacant i Godella) amb t\u00e8cnics de primer nivell com s\u00f3n V\u00edctor Lape\u00f1a i Cristina Cantero.<\/p>\n<p>I aquest mateix divendres ja tenim la primera, amb el Cl\u00ednic de Ferran Pizcueta que est\u00e0 dirigit tant a entrenadors\/es com a jugadors\/es, expressament per als de categoria Infantil i Cadet.<\/p>\n<p>Aquestes s\u00f3n totes les activitats previstes:<\/p>\n<ul>\n<li class=\" translation-block\"><strong>30 d'abril.<\/strong> Ferran Pizcueta. Formar m\u00e9s enll\u00e0 de la pista: entrenadors i jugadors. Online<\/li>\n<li class=\" translation-block\"><strong>14 de maig..<\/strong> Construcci\u00f3 d'una estructura d'atac. \u00das de fortaleses. V\u00edctor Lape\u00f1a. Alacant<\/li>\n<li><strong>14 de mayo.<\/strong> Construcci\u00f3n de una estructura de ataque. Uso de fortalezas. V\u00edctor Lape\u00f1a. Alicante<\/li>\n<li class=\" translation-block\"><strong>17 de maig.<\/strong> Arribar jugant i la seua continu\u00eftat. Cristina Cantero. Godella<\/li>\n<\/ul>\n<p class=\" translation-block\">Les places s\u00f3n limitades. Tota la informaci\u00f3 i inscripcions <a href=\"https:\/\/www.fbcv.es\/area-tecnica\/formacion-continua-entrenadores\/agenda-detallada\" target=\"_self\" rel=\"noopener noreferrer\">a trav\u00e9s de l'Agenda d'Activitats.<\/a><\/p>\n<p style=\"text-align: center;\"><a href=\"https:\/\/www.fbcv.es\/wp-content\/uploads\/2021\/04\/2.Modelo-cartel-1920X1080.png\"><img decoding=\"async\" class=\"alignnone size-medium wp-image-66343\" src=\"https:\/\/www.fbcv.es\/wp-content\/uploads\/2021\/04\/2.Modelo-cartel-1920X1080-300x169.png\" alt=\"\" width=\"300\" height=\"169\" srcset=\"https:\/\/www.fbcv.es\/wp-content\/uploads\/2021\/04\/2.Modelo-cartel-1920X1080-300x169.png 300w, https:\/\/www.fbcv.es\/wp-content\/uploads\/2021\/04\/2.Modelo-cartel-1920X1080-600x338.png 600w, https:\/\/www.fbcv.es\/wp-content\/uploads\/2021\/04\/2.Modelo-cartel-1920X1080-768x432.png 768w, https:\/\/www.fbcv.es\/wp-content\/uploads\/2021\/04\/2.Modelo-cartel-1920X1080-16x9.png 16w, https:\/\/www.fbcv.es\/wp-content\/uploads\/2021\/04\/2.Modelo-cartel-1920X1080-696x392.png 696w, https:\/\/www.fbcv.es\/wp-content\/uploads\/2021\/04\/2.Modelo-cartel-1920X1080-747x420.png 747w, https:\/\/www.fbcv.es\/wp-content\/uploads\/2021\/04\/2.Modelo-cartel-1920X1080.png 960w\" sizes=\"(max-width: 300px) 100vw, 300px\" \/><\/a><\/p>\n<p style=\"text-align: center;\"><a href=\"https:\/\/www.fbcv.es\/wp-content\/uploads\/2021\/04\/14-de-Mayo-1920X1080-2.png\"><img decoding=\"async\" class=\"alignnone size-medium wp-image-66344\" src=\"https:\/\/www.fbcv.es\/wp-content\/uploads\/2021\/04\/14-de-Mayo-1920X1080-2-300x169.png\" alt=\"\" width=\"300\" height=\"169\" srcset=\"https:\/\/www.fbcv.es\/wp-content\/uploads\/2021\/04\/14-de-Mayo-1920X1080-2-300x169.png 300w, https:\/\/www.fbcv.es\/wp-content\/uploads\/2021\/04\/14-de-Mayo-1920X1080-2-600x338.png 600w, https:\/\/www.fbcv.es\/wp-content\/uploads\/2021\/04\/14-de-Mayo-1920X1080-2-768x432.png 768w, https:\/\/www.fbcv.es\/wp-content\/uploads\/2021\/04\/14-de-Mayo-1920X1080-2-16x9.png 16w, https:\/\/www.fbcv.es\/wp-content\/uploads\/2021\/04\/14-de-Mayo-1920X1080-2-696x392.png 696w, https:\/\/www.fbcv.es\/wp-content\/uploads\/2021\/04\/14-de-Mayo-1920X1080-2-747x420.png 747w, https:\/\/www.fbcv.es\/wp-content\/uploads\/2021\/04\/14-de-Mayo-1920X1080-2.png 960w\" sizes=\"(max-width: 300px) 100vw, 300px\" \/><\/a><\/p>\n<p style=\"text-align: center;\"><a href=\"https:\/\/www.fbcv.es\/wp-content\/uploads\/2021\/04\/17-de-Mayo-1920X1080-1.png\"><img decoding=\"async\" class=\"alignnone size-medium wp-image-66345\" src=\"https:\/\/www.fbcv.es\/wp-content\/uploads\/2021\/04\/17-de-Mayo-1920X1080-1-300x169.png\" alt=\"\" width=\"300\" height=\"169\" srcset=\"https:\/\/www.fbcv.es\/wp-content\/uploads\/2021\/04\/17-de-Mayo-1920X1080-1-300x169.png 300w, https:\/\/www.fbcv.es\/wp-content\/uploads\/2021\/04\/17-de-Mayo-1920X1080-1-600x338.png 600w, https:\/\/www.fbcv.es\/wp-content\/uploads\/2021\/04\/17-de-Mayo-1920X1080-1-768x432.png 768w, https:\/\/www.fbcv.es\/wp-content\/uploads\/2021\/04\/17-de-Mayo-1920X1080-1-16x9.png 16w, https:\/\/www.fbcv.es\/wp-content\/uploads\/2021\/04\/17-de-Mayo-1920X1080-1-696x392.png 696w, https:\/\/www.fbcv.es\/wp-content\/uploads\/2021\/04\/17-de-Mayo-1920X1080-1-747x420.png 747w, https:\/\/www.fbcv.es\/wp-content\/uploads\/2021\/04\/17-de-Mayo-1920X1080-1.png 960w\" sizes=\"(max-width: 300px) 100vw, 300px\" \/><\/a><\/p>","protected":false},"excerpt":{"rendered":"<p>La formaci\u00f3n de entrenadores va a dejar atr\u00e1s un intenso mes de abril y abrir\u00e1 otro no menos ambicioso mes de mayo. Tanto la FBCV como la FEB est\u00e1n celebrando numerosas actividades que est\u00e1n incluidas en el Programa de Formaci\u00f3n Continua para entrenadores y tambi\u00e9n muchas de ellas en el Programa de Actividades Paralelas del [&hellip;]<\/p>","protected":false},"author":7,"featured_media":66342,"comment_status":"open","ping_status":"open","sticky":false,"template":"","format":"standard","meta":{"_acf_changed":false,"_monsterinsights_skip_tracking":false,"_monsterinsights_sitenote_active":false,"_monsterinsights_sitenote_note":"","_monsterinsights_sitenote_category":0,"footnotes":""},"categories":[22],"tags":[81,2442],"acf":[],"yoast_head":"<!-- This site is optimized with the Yoast SEO Premium plugin v23.0 (Yoast SEO v23.0) - https:\/\/yoast.com\/wordpress\/plugins\/seo\/ -->\n<title>\u00bfCu\u00e1les son los pr\u00f3ximos cl\u00ednics que vienen? - FBCV<\/title>\n<meta name=\"robots\" content=\"index, follow, max-snippet:-1, max-image-preview:large, max-video-preview:-1\" \/>\n<link rel=\"canonical\" href=\"https:\/\/www.fbcv.es\/va\/noticias\/cuales-son-los-proximos-clinics-que-vienen\/\" \/>\n<meta property=\"og:locale\" content=\"en_US\" \/>\n<meta property=\"og:type\" content=\"article\" \/>\n<meta property=\"og:title\" content=\"\u00bfCu\u00e1les son los pr\u00f3ximos cl\u00ednics que vienen?\" \/>\n<meta property=\"og:description\" content=\"La formaci\u00f3n de entrenadores va a dejar atr\u00e1s un intenso mes de abril y abrir\u00e1 otro no menos ambicioso mes de mayo. Tanto la FBCV como la FEB est\u00e1n celebrando numerosas actividades que est\u00e1n incluidas en el Programa de Formaci\u00f3n Continua para entrenadores y tambi\u00e9n muchas de ellas en el Programa de Actividades Paralelas del [&hellip;]\" \/>\n<meta property=\"og:url\" content=\"https:\/\/www.fbcv.es\/va\/noticias\/cuales-son-los-proximos-clinics-que-vienen\/\" \/>\n<meta property=\"og:site_name\" content=\"FBCV\" \/>\n<meta property=\"article:published_time\" content=\"2021-04-28T11:26:18+00:00\" \/>\n<meta property=\"article:modified_time\" content=\"2021-05-03T07:50:40+00:00\" \/>\n<meta property=\"og:image\" content=\"https:\/\/www.fbcv.es\/wp-content\/uploads\/2021\/04\/30-abril.jpg\" \/>\n\t<meta property=\"og:image:width\" content=\"903\" \/>\n\t<meta property=\"og:image:height\" content=\"544\" \/>\n\t<meta property=\"og:image:type\" content=\"image\/jpeg\" \/>\n<meta name=\"author\" content=\"Amparo Calabuig\" \/>\n<meta name=\"twitter:card\" content=\"summary_large_image\" \/>\n<meta name=\"twitter:label1\" content=\"Written by\" \/>\n\t<meta name=\"twitter:data1\" content=\"Amparo Calabuig\" \/>\n\t<meta name=\"twitter:label2\" content=\"Est. reading time\" \/>\n\t<meta name=\"twitter:data2\" content=\"1 minute\" \/>\n<script type=\"application\/ld+json\" class=\"yoast-schema-graph\">{\"@context\":\"https:\/\/schema.org\",\"@graph\":[{\"@type\":\"WebPage\",\"@id\":\"https:\/\/www.fbcv.es\/noticias\/cuales-son-los-proximos-clinics-que-vienen\/\",\"url\":\"https:\/\/www.fbcv.es\/noticias\/cuales-son-los-proximos-clinics-que-vienen\/\",\"name\":\"\u00bfCu\u00e1les son los pr\u00f3ximos cl\u00ednics que vienen? - FBCV\",\"isPartOf\":{\"@id\":\"https:\/\/www.fbcv.es\/#website\"},\"primaryImageOfPage\":{\"@id\":\"https:\/\/www.fbcv.es\/noticias\/cuales-son-los-proximos-clinics-que-vienen\/#primaryimage\"},\"image\":{\"@id\":\"https:\/\/www.fbcv.es\/noticias\/cuales-son-los-proximos-clinics-que-vienen\/#primaryimage\"},\"thumbnailUrl\":\"https:\/\/www.fbcv.es\/wp-content\/uploads\/2021\/04\/30-abril.jpg\",\"datePublished\":\"2021-04-28T11:26:18+00:00\",\"dateModified\":\"2021-05-03T07:50:40+00:00\",\"author\":{\"@id\":\"https:\/\/www.fbcv.es\/#\/schema\/person\/9d33a5385b971042c1bb3731cbe7d74d\"},\"breadcrumb\":{\"@id\":\"https:\/\/www.fbcv.es\/noticias\/cuales-son-los-proximos-clinics-que-vienen\/#breadcrumb\"},\"inLanguage\":\"va-ES\",\"potentialAction\":[{\"@type\":\"ReadAction\",\"target\":[\"https:\/\/www.fbcv.es\/noticias\/cuales-son-los-proximos-clinics-que-vienen\/\"]}]},{\"@type\":\"ImageObject\",\"inLanguage\":\"va-ES\",\"@id\":\"https:\/\/www.fbcv.es\/noticias\/cuales-son-los-proximos-clinics-que-vienen\/#primaryimage\",\"url\":\"https:\/\/www.fbcv.es\/wp-content\/uploads\/2021\/04\/30-abril.jpg\",\"contentUrl\":\"https:\/\/www.fbcv.es\/wp-content\/uploads\/2021\/04\/30-abril.jpg\",\"width\":903,\"height\":544},{\"@type\":\"BreadcrumbList\",\"@id\":\"https:\/\/www.fbcv.es\/noticias\/cuales-son-los-proximos-clinics-que-vienen\/#breadcrumb\",\"itemListElement\":[{\"@type\":\"ListItem\",\"position\":1,\"name\":\"Portada\",\"item\":\"https:\/\/www.fbcv.es\/\"},{\"@type\":\"ListItem\",\"position\":2,\"name\":\"\u00bfCu\u00e1les son los pr\u00f3ximos cl\u00ednics que vienen?\"}]},{\"@type\":\"WebSite\",\"@id\":\"https:\/\/www.fbcv.es\/#website\",\"url\":\"https:\/\/www.fbcv.es\/\",\"name\":\"FBCV\",\"description\":\"FBCV\",\"potentialAction\":[{\"@type\":\"SearchAction\",\"target\":{\"@type\":\"EntryPoint\",\"urlTemplate\":\"https:\/\/www.fbcv.es\/?s={search_term_string}\"},\"query-input\":\"required name=search_term_string\"}],\"inLanguage\":\"va-ES\"},{\"@type\":\"Person\",\"@id\":\"https:\/\/www.fbcv.es\/#\/schema\/person\/9d33a5385b971042c1bb3731cbe7d74d\",\"name\":\"Amparo Calabuig\",\"image\":{\"@type\":\"ImageObject\",\"inLanguage\":\"va-ES\",\"@id\":\"https:\/\/www.fbcv.es\/#\/schema\/person\/image\/\",\"url\":\"https:\/\/secure.gravatar.com\/avatar\/715c8115aec1a5f951ec06d5696c4f80?s=96&d=mm&r=g\",\"contentUrl\":\"https:\/\/secure.gravatar.com\/avatar\/715c8115aec1a5f951ec06d5696c4f80?s=96&d=mm&r=g\",\"caption\":\"Amparo Calabuig\"},\"url\":\"https:\/\/www.fbcv.es\/va\/author\/acalabuig\/\"}]}<\/script>\n<!-- \/ Yoast SEO Premium plugin. -->","yoast_head_json":{"title":"\u00bfCu\u00e1les son los pr\u00f3ximos cl\u00ednics que vienen? - FBCV","robots":{"index":"index","follow":"follow","max-snippet":"max-snippet:-1","max-image-preview":"max-image-preview:large","max-video-preview":"max-video-preview:-1"},"canonical":"https:\/\/www.fbcv.es\/va\/noticias\/cuales-son-los-proximos-clinics-que-vienen\/","og_locale":"en_US","og_type":"article","og_title":"\u00bfCu\u00e1les son los pr\u00f3ximos cl\u00ednics que vienen?","og_description":"La formaci\u00f3n de entrenadores va a dejar atr\u00e1s un intenso mes de abril y abrir\u00e1 otro no menos ambicioso mes de mayo. Tanto la FBCV como la FEB est\u00e1n celebrando numerosas actividades que est\u00e1n incluidas en el Programa de Formaci\u00f3n Continua para entrenadores y tambi\u00e9n muchas de ellas en el Programa de Actividades Paralelas del [&hellip;]","og_url":"https:\/\/www.fbcv.es\/va\/noticias\/cuales-son-los-proximos-clinics-que-vienen\/","og_site_name":"FBCV","article_published_time":"2021-04-28T11:26:18+00:00","article_modified_time":"2021-05-03T07:50:40+00:00","og_image":[{"width":903,"height":544,"url":"https:\/\/www.fbcv.es\/wp-content\/uploads\/2021\/04\/30-abril.jpg","type":"image\/jpeg"}],"author":"Amparo Calabuig","twitter_card":"summary_large_image","twitter_misc":{"Written by":"Amparo Calabuig","Est. reading time":"1 minute"},"schema":{"@context":"https:\/\/schema.org","@graph":[{"@type":"WebPage","@id":"https:\/\/www.fbcv.es\/noticias\/cuales-son-los-proximos-clinics-que-vienen\/","url":"https:\/\/www.fbcv.es\/noticias\/cuales-son-los-proximos-clinics-que-vienen\/","name":"\u00bfCu\u00e1les son los pr\u00f3ximos cl\u00ednics que vienen? - FBCV","isPartOf":{"@id":"https:\/\/www.fbcv.es\/#website"},"primaryImageOfPage":{"@id":"https:\/\/www.fbcv.es\/noticias\/cuales-son-los-proximos-clinics-que-vienen\/#primaryimage"},"image":{"@id":"https:\/\/www.fbcv.es\/noticias\/cuales-son-los-proximos-clinics-que-vienen\/#primaryimage"},"thumbnailUrl":"https:\/\/www.fbcv.es\/wp-content\/uploads\/2021\/04\/30-abril.jpg","datePublished":"2021-04-28T11:26:18+00:00","dateModified":"2021-05-03T07:50:40+00:00","author":{"@id":"https:\/\/www.fbcv.es\/#\/schema\/person\/9d33a5385b971042c1bb3731cbe7d74d"},"breadcrumb":{"@id":"https:\/\/www.fbcv.es\/noticias\/cuales-son-los-proximos-clinics-que-vienen\/#breadcrumb"},"inLanguage":"va-ES","potentialAction":[{"@type":"ReadAction","target":["https:\/\/www.fbcv.es\/noticias\/cuales-son-los-proximos-clinics-que-vienen\/"]}]},{"@type":"ImageObject","inLanguage":"va-ES","@id":"https:\/\/www.fbcv.es\/noticias\/cuales-son-los-proximos-clinics-que-vienen\/#primaryimage","url":"https:\/\/www.fbcv.es\/wp-content\/uploads\/2021\/04\/30-abril.jpg","contentUrl":"https:\/\/www.fbcv.es\/wp-content\/uploads\/2021\/04\/30-abril.jpg","width":903,"height":544},{"@type":"BreadcrumbList","@id":"https:\/\/www.fbcv.es\/noticias\/cuales-son-los-proximos-clinics-que-vienen\/#breadcrumb","itemListElement":[{"@type":"ListItem","position":1,"name":"Portada","item":"https:\/\/www.fbcv.es\/"},{"@type":"ListItem","position":2,"name":"\u00bfCu\u00e1les son los pr\u00f3ximos cl\u00ednics que vienen?"}]},{"@type":"WebSite","@id":"https:\/\/www.fbcv.es\/#website","url":"https:\/\/www.fbcv.es\/","name":"FBCV","description":"FBCV","potentialAction":[{"@type":"SearchAction","target":{"@type":"EntryPoint","urlTemplate":"https:\/\/www.fbcv.es\/?s={search_term_string}"},"query-input":"required name=search_term_string"}],"inLanguage":"va-ES"},{"@type":"Person","@id":"https:\/\/www.fbcv.es\/#\/schema\/person\/9d33a5385b971042c1bb3731cbe7d74d","name":"Amparo Calabuig","image":{"@type":"ImageObject","inLanguage":"va-ES","@id":"https:\/\/www.fbcv.es\/#\/schema\/person\/image\/","url":"https:\/\/secure.gravatar.com\/avatar\/715c8115aec1a5f951ec06d5696c4f80?s=96&d=mm&r=g","contentUrl":"https:\/\/secure.gravatar.com\/avatar\/715c8115aec1a5f951ec06d5696c4f80?s=96&d=mm&r=g","caption":"Amparo Calabuig"},"url":"https:\/\/www.fbcv.es\/va\/author\/acalabuig\/"}]}},"_links":{"self":[{"href":"https:\/\/www.fbcv.es\/va\/wp-json\/wp\/v2\/posts\/66334"}],"collection":[{"href":"https:\/\/www.fbcv.es\/va\/wp-json\/wp\/v2\/posts"}],"about":[{"href":"https:\/\/www.fbcv.es\/va\/wp-json\/wp\/v2\/types\/post"}],"author":[{"embeddable":true,"href":"https:\/\/www.fbcv.es\/va\/wp-json\/wp\/v2\/users\/7"}],"replies":[{"embeddable":true,"href":"https:\/\/www.fbcv.es\/va\/wp-json\/wp\/v2\/comments?post=66334"}],"version-history":[{"count":3,"href":"https:\/\/www.fbcv.es\/va\/wp-json\/wp\/v2\/posts\/66334\/revisions"}],"predecessor-version":[{"id":66346,"href":"https:\/\/www.fbcv.es\/va\/wp-json\/wp\/v2\/posts\/66334\/revisions\/66346"}],"wp:featuredmedia":[{"embeddable":true,"href":"https:\/\/www.fbcv.es\/va\/wp-json\/wp\/v2\/media\/66342"}],"wp:attachment":[{"href":"https:\/\/www.fbcv.es\/va\/wp-json\/wp\/v2\/media?parent=66334"}],"wp:term":[{"taxonomy":"category","embeddable":true,"href":"https:\/\/www.fbcv.es\/va\/wp-json\/wp\/v2\/categories?post=66334"},{"taxonomy":"post_tag","embeddable":true,"href":"https:\/\/www.fbcv.es\/va\/wp-json\/wp\/v2\/tags?post=66334"}],"curies":[{"name":"wp","href":"https:\/\/api.w.org\/{rel}","templated":true}]}}